{"id":111,"date":"2025-03-20T14:44:00","date_gmt":"2025-03-20T11:44:00","guid":{"rendered":"https:\/\/www.ostimbulsomine.com\/?p=111"},"modified":"2025-03-20T14:44:00","modified_gmt":"2025-03-20T11:44:00","slug":"somine-aksesuarlari-en-kullanisli-ve-sik-esyalar","status":"publish","type":"post","link":"https:\/\/www.ostimbulsomine.com\/index.php\/2025\/03\/20\/somine-aksesuarlari-en-kullanisli-ve-sik-esyalar\/","title":{"rendered":"\u015e\u00f6mine Aksesuarlar\u0131: En Kullan\u0131\u015fl\u0131 ve \u015e\u0131k E\u015fyalar"},"content":{"rendered":"<p data-start=\"5356\" data-end=\"5526\">\u015e\u00f6mine aksesuarlar\u0131, sadece fonksiyonel de\u011fil ayn\u0131 zamanda dekoratif olmal\u0131d\u0131r. \u015e\u00f6mine aksesuarlar\u0131, hem kullan\u0131m kolayl\u0131\u011f\u0131 sa\u011flar hem de odan\u0131n estetik de\u011ferini art\u0131r\u0131r.<\/p>\n<h4 data-start=\"5528\" data-end=\"5550\"><strong data-start=\"5533\" data-end=\"5550\">\u015e\u00f6mine Kafesi<\/strong><\/h4>\n<p data-start=\"5551\" data-end=\"5653\">\u015e\u00f6mine kafesi, odunlar\u0131 yerinde tutmak i\u00e7in kullan\u0131l\u0131r ve \u015f\u00f6minenizin daha d\u00fczenli g\u00f6r\u00fcnmesini sa\u011flar.<\/p>\n<h4 data-start=\"5655\" data-end=\"5692\"><strong data-start=\"5660\" data-end=\"5692\">\u015e\u00f6mine \u00c7e\u015fmeleri ve E\u015fyalar\u0131<\/strong><\/h4>\n<p data-start=\"5693\" data-end=\"5843\">\u015e\u00f6mine seti, odunlar\u0131 d\u00fczenli bir \u015fekilde tutman\u0131n yan\u0131 s\u0131ra, \u00e7atal, ma\u015fa ve k\u00fcrek gibi ara\u00e7larla g\u00fcvenli bir \u015fekilde ate\u015fi y\u00f6netmenize yard\u0131mc\u0131 olur.<\/p>\n<h4 data-start=\"5845\" data-end=\"5876\"><strong data-start=\"5850\" data-end=\"5876\">Is\u0131 Yay\u0131c\u0131 Aksesuarlar<\/strong><\/h4>\n<p data-start=\"5877\" data-end=\"6008\">Is\u0131 yay\u0131c\u0131 sistemler, \u015f\u00f6minenizin verimli \u00e7al\u0131\u015fmas\u0131n\u0131 sa\u011flar ve \u0131s\u0131y\u0131 daha geni\u015f alanlara da\u011f\u0131tarak, daha etkili bir \u0131s\u0131nma sa\u011flar.<\/p>\n","protected":false},"excerpt":{"rendered":"<p>\u015e\u00f6mine aksesuarlar\u0131, sadece fonksiyonel de\u011fil ayn\u0131 zamanda dekoratif olmal\u0131d\u0131r. \u015e\u00f6mine aksesuarlar\u0131, hem kullan\u0131m kolayl\u0131\u011f\u0131 sa\u011flar hem de odan\u0131n estetik de\u011ferini art\u0131r\u0131r. \u015e\u00f6mine Kafesi \u015e\u00f6mine kafesi, &hellip; <\/p>\n","protected":false},"author":1,"featured_media":0,"comment_status":"open","ping_status":"open","sticky":false,"template":"","format":"standard","meta":{"footnotes":""},"categories":[4],"tags":[],"class_list":["post-111","post","type-post","status-publish","format-standard","hentry","category-blog"],"_links":{"self":[{"href":"https:\/\/www.ostimbulsomine.com\/index.php\/wp-json\/wp\/v2\/posts\/111","targetHints":{"allow":["GET"]}}],"collection":[{"href":"https:\/\/www.ostimbulsomine.com\/index.php\/wp-json\/wp\/v2\/posts"}],"about":[{"href":"https:\/\/www.ostimbulsomine.com\/index.php\/wp-json\/wp\/v2\/types\/post"}],"author":[{"embeddable":true,"href":"https:\/\/www.ostimbulsomine.com\/index.php\/wp-json\/wp\/v2\/users\/1"}],"replies":[{"embeddable":true,"href":"https:\/\/www.ostimbulsomine.com\/index.php\/wp-json\/wp\/v2\/comments?post=111"}],"version-history":[{"count":1,"href":"https:\/\/www.ostimbulsomine.com\/index.php\/wp-json\/wp\/v2\/posts\/111\/revisions"}],"predecessor-version":[{"id":112,"href":"https:\/\/www.ostimbulsomine.com\/index.php\/wp-json\/wp\/v2\/posts\/111\/revisions\/112"}],"wp:attachment":[{"href":"https:\/\/www.ostimbulsomine.com\/index.php\/wp-json\/wp\/v2\/media?parent=111"}],"wp:term":[{"taxonomy":"category","embeddable":true,"href":"https:\/\/www.ostimbulsomine.com\/index.php\/wp-json\/wp\/v2\/categories?post=111"},{"taxonomy":"post_tag","embeddable":true,"href":"https:\/\/www.ostimbulsomine.com\/index.php\/wp-json\/wp\/v2\/tags?post=111"}],"curies":[{"name":"wp","href":"https:\/\/api.w.org\/{rel}","templated":true}]}}